{"id":813,"date":"2022-08-19T09:19:00","date_gmt":"2022-08-19T06:19:00","guid":{"rendered":"https:\/\/www.pohy.fi\/?p=813"},"modified":"2025-02-19T11:04:53","modified_gmt":"2025-02-19T09:04:53","slug":"valikkoverkosto-vaasan-ja-pohjanmaan-valikkoryhma","status":"publish","type":"post","link":"https:\/\/www.pohy.fi\/sv\/valikkoverkosto-vaasan-ja-pohjanmaan-valikkoryhma\/","title":{"rendered":"Vaasan ja Pohjanmaan Valikkoryhm\u00e4 7.9.2022"},"content":{"rendered":"<p>[et_pb_section fb_built=&#8221;1&#8243; _builder_version=&#8221;4.19.3&#8243; _module_preset=&#8221;default&#8221; global_colors_info=&#8221;{}&#8221; theme_builder_area=&#8221;post_content&#8221;][et_pb_row _builder_version=&#8221;4.19.3&#8243; _module_preset=&#8221;default&#8221; global_colors_info=&#8221;{}&#8221; theme_builder_area=&#8221;post_content&#8221;][et_pb_column type=&#8221;4_4&#8243; _builder_version=&#8221;4.19.3&#8243; _module_preset=&#8221;default&#8221; global_colors_info=&#8221;{}&#8221; theme_builder_area=&#8221;post_content&#8221;][et_pb_image src=&#8221;https:\/\/www.pohy.fi\/wp-content\/uploads\/2022\/12\/vaasan_ja_pohjanmaan_valkoinen-600&#215;300-1.png&#8221; title_text=&#8221;vaasan_ja_pohjanmaan_valkoinen-600&#215;300&#8243; src_tablet=&#8221;https:\/\/www.pohy.fi\/wp-content\/uploads\/2022\/12\/vaasan_ja_pohjanmaan_valkoinen-600&#215;300-1.png&#8221; src_phone=&#8221;https:\/\/www.pohy.fi\/wp-content\/uploads\/2022\/12\/vaasan_ja_pohjanmaan_valkoinen-600&#215;300-1.png&#8221; src_last_edited=&#8221;on|desktop&#8221; align_tablet=&#8221;&#8221; align_phone=&#8221;&#8221; align_last_edited=&#8221;on|desktop&#8221; _builder_version=&#8221;4.19.3&#8243; _module_preset=&#8221;default&#8221; hover_enabled=&#8221;0&#8243; global_colors_info=&#8221;{}&#8221; theme_builder_area=&#8221;post_content&#8221; sticky_enabled=&#8221;0&#8243;][\/et_pb_image][et_pb_text _builder_version=&#8221;4.19.3&#8243; _module_preset=&#8221;default&#8221; global_colors_info=&#8221;{}&#8221; theme_builder_area=&#8221;post_content&#8221;]<\/p>\n<p>Kansalaisareenan vapaaehtoistoiminnan koordinaattoreiden valikkoryhm\u00e4 eli tutummin Verkkarit perustettiin kes\u00e4ll\u00e4 Vaasaan ja Pohjanmaalle, tervetuloa mukaan ensimm\u00e4iseen tapaamiseen 7.9. klo 9-10.30 POHY:n j\u00e4rjest\u00f6keskukseen Vartti-kokoustilaan! Tutustumme toisiimme, kerromme lis\u00e4\u00e4 verkkareista ja Valikkoverkostosta sek\u00e4 suunnittelemme yhdess\u00e4 syyskauden toimintaa.<\/p>\n<p>Voit ilmoittautua mukaan s\u00e4hk\u00f6postitse <a href=\"mailto:raija.koivisto@pohy.fi\">raija.koivisto@pohy.fi<\/a>, niin osaamme varata tarjoiluja. Tietoa ryhm\u00e4st\u00e4 saa jakaa eteenp\u00e4in vapaaehtoistoiminnan koordinaattoreille tai muille vapaaehtoistoiminnan kehitt\u00e4misest\u00e4 kiinnostuneille toimijoille, keskeist\u00e4 valikkoryhmiss\u00e4 on vertaistuellinen hyvien k\u00e4yt\u00e4nt\u00f6jen jakaminen.<\/p>\n<p>Valikkoverkostosta voi lukea lis\u00e4\u00e4 t\u00e4\u00e4lt\u00e4: <a href=\"https:\/\/kansalaisareena.fi\/ammattilaiselle\/valikkoverkosto\/\">https:\/\/kansalaisareena.fi\/ammattilaiselle\/valikkoverkosto\/<\/a>. Kannattaa my\u00f6s jo nyt liitty\u00e4 Facebook-ryhm\u00e4\u00e4n nimelt\u00e4 Valikkoverkosto. Lis\u00e4ksi valikkoverkoston s\u00e4hk\u00f6postituslistalle p\u00e4\u00e4see linkist\u00e4 <a href=\"https:\/\/www.kansalaisareena.fi\/osallistu\/uutiskirje\/\">https:\/\/www.kansalaisareena.fi\/osallistu\/uutiskirje\/<\/a>.<\/p>\n<p>[\/et_pb_text][\/et_pb_column][\/et_pb_row][\/et_pb_section]<\/p>\n","protected":false},"excerpt":{"rendered":"<p>Kansalaisareenan vapaaehtoistoiminnan koordinaattoreiden valikkoryhm\u00e4 eli tutummin Verkkarit perustettiin kes\u00e4ll\u00e4 Vaasaan ja Pohjanmaalle&#8230;<\/p>","protected":false},"author":12,"featured_media":15,"comment_status":"closed","ping_status":"open","sticky":false,"template":"","format":"standard","meta":{"_et_pb_use_builder":"on","_et_pb_old_content":"","_et_gb_content_width":"","footnotes":""},"categories":[1],"tags":[],"class_list":["post-813","post","type-post","status-publish","format-standard","has-post-thumbnail","hentry","category-ajankohtaista"],"_links":{"self":[{"href":"https:\/\/www.pohy.fi\/sv\/wp-json\/wp\/v2\/posts\/813","targetHints":{"allow":["GET"]}}],"collection":[{"href":"https:\/\/www.pohy.fi\/sv\/wp-json\/wp\/v2\/posts"}],"about":[{"href":"https:\/\/www.pohy.fi\/sv\/wp-json\/wp\/v2\/types\/post"}],"author":[{"embeddable":true,"href":"https:\/\/www.pohy.fi\/sv\/wp-json\/wp\/v2\/users\/12"}],"replies":[{"embeddable":true,"href":"https:\/\/www.pohy.fi\/sv\/wp-json\/wp\/v2\/comments?post=813"}],"version-history":[{"count":7,"href":"https:\/\/www.pohy.fi\/sv\/wp-json\/wp\/v2\/posts\/813\/revisions"}],"predecessor-version":[{"id":105888,"href":"https:\/\/www.pohy.fi\/sv\/wp-json\/wp\/v2\/posts\/813\/revisions\/105888"}],"wp:featuredmedia":[{"embeddable":true,"href":"https:\/\/www.pohy.fi\/sv\/wp-json\/wp\/v2\/media\/15"}],"wp:attachment":[{"href":"https:\/\/www.pohy.fi\/sv\/wp-json\/wp\/v2\/media?parent=813"}],"wp:term":[{"taxonomy":"category","embeddable":true,"href":"https:\/\/www.pohy.fi\/sv\/wp-json\/wp\/v2\/categories?post=813"},{"taxonomy":"post_tag","embeddable":true,"href":"https:\/\/www.pohy.fi\/sv\/wp-json\/wp\/v2\/tags?post=813"}],"curies":[{"name":"wp","href":"https:\/\/api.w.org\/{rel}","templated":true}]}}