{"id":103641,"date":"2023-09-05T09:54:31","date_gmt":"2023-09-05T06:54:31","guid":{"rendered":"https:\/\/www.pohy.fi\/?p=103641"},"modified":"2023-09-05T09:57:04","modified_gmt":"2023-09-05T06:57:04","slug":"asiakas-ja-potilasturvallisuusviikko-18-21-9-2023","status":"publish","type":"post","link":"https:\/\/www.pohy.fi\/sv\/asiakas-ja-potilasturvallisuusviikko-18-21-9-2023\/","title":{"rendered":"Klient- och patients\u00e4kerhetsvecka 18-21.9.2023"},"content":{"rendered":"\n\n[et_pb_section fb_built=&#8221;1&#8243; _builder_version=&#8221;4.22.1&#8243; _module_preset=&#8221;default&#8221; global_colors_info=&#8221;{}&#8221; theme_builder_area=&#8221;post_content&#8221;][et_pb_row _builder_version=&#8221;4.22.1&#8243; _module_preset=&#8221;default&#8221; global_colors_info=&#8221;{}&#8221; theme_builder_area=&#8221;post_content&#8221;][et_pb_column type=&#8221;4_4&#8243; _builder_version=&#8221;4.22.1&#8243; _module_preset=&#8221;default&#8221; global_colors_info=&#8221;{}&#8221; theme_builder_area=&#8221;post_content&#8221;][et_pb_image src=&#8221;https:\/\/www.pohy.fi\/wp-content\/uploads\/2023\/09\/world-patient-safety-day.png&#8221; alt=&#8221;World Patient Safety Day logo&#8221; title_text=&#8221;world patient safety day&#8221; _builder_version=&#8221;4.22.1&#8243; _module_preset=&#8221;default&#8221; global_colors_info=&#8221;{}&#8221; theme_builder_area=&#8221;post_content&#8221;][\/et_pb_image][et_pb_text _builder_version=&#8221;4.22.1&#8243; _module_preset=&#8221;default&#8221; global_colors_info=&#8221;{}&#8221; theme_builder_area=&#8221;post_content&#8221;]<p>Maailman terveysj\u00e4rjest\u00f6 WHO on julistanut syyskuun 17. p\u00e4iv\u00e4n maailman potilasturvallisuuden p\u00e4iv\u00e4ksi.<\/p>\n<p>Suomessa p\u00e4iv\u00e4\u00e4 vietet\u00e4\u00e4n asiakas- ja potilasturvallisuuden p\u00e4iv\u00e4n\u00e4 ja t\u00e4n\u00e4 vuonna teemana on osallisuus.<\/p>\n<p>OLKA Vaasa osallistuu j\u00e4rjest\u00e4m\u00e4ll\u00e4 turvallisuusteemaviikon, jossa j\u00e4rjest\u00f6t ja toimijat esittelev\u00e4t toimintaansa Vaasan Keskussairaalan H-talon aulassa.<\/p>[\/et_pb_text][et_pb_image src=&#8221;https:\/\/www.pohy.fi\/wp-content\/uploads\/2023\/09\/world-patient-safety-day-fi-blurb.png&#8221; title_text=&#8221;world patient safety day fi blurb&#8221; align=&#8221;center&#8221; _builder_version=&#8221;4.22.1&#8243; _module_preset=&#8221;default&#8221; global_colors_info=&#8221;{}&#8221; theme_builder_area=&#8221;post_content&#8221;][\/et_pb_image][\/et_pb_column][\/et_pb_row][et_pb_row _builder_version=&#8221;4.22.1&#8243; _module_preset=&#8221;default&#8221; global_colors_info=&#8221;{}&#8221; theme_builder_area=&#8221;post_content&#8221;][et_pb_column type=&#8221;4_4&#8243; _builder_version=&#8221;4.22.1&#8243; _module_preset=&#8221;default&#8221; global_colors_info=&#8221;{}&#8221; theme_builder_area=&#8221;post_content&#8221;][et_pb_text _builder_version=&#8221;4.22.1&#8243; _module_preset=&#8221;default&#8221; global_colors_info=&#8221;{}&#8221; theme_builder_area=&#8221;post_content&#8221;]<p>&nbsp;<\/p>\n<p>Mukana seuraavat:<\/p>[\/et_pb_text][et_pb_text _builder_version=&#8221;4.22.1&#8243; _module_preset=&#8221;default&#8221; global_colors_info=&#8221;{}&#8221; theme_builder_area=&#8221;et_body_layout&#8221;]<h3>Maanantai 18.9<\/h3>\n<h4><\/h4>\n<h4>klo 9\u201312<\/h4>\n<p>Ankkuri-hanke (Vaasan kaupungin ja Pohjanmaan poliisin yhteishanke, Ankkuri-toimintaa somessa ja kouluyhteisty\u00f6ss\u00e4)<\/p>\n<p>Suomen Pelastusalan Keskusj\u00e4rjest\u00f6 SPEK (Tietoa kodin turvallisuuden tarkistuslistasta ja varautumisesta kotona)<\/p>\n<p>Vaasan ensi- ja turvakoti (Yhdistyksen palvelut \u2013 jokaisella tulisi olla oikeus v\u00e4kivallattomaan ja turvalliseen el\u00e4m\u00e4\u00e4n)<\/p>\n<p>Rikosuhrip\u00e4ivystys RIKU (Parantaa rikoksen uhrin, h\u00e4nen l\u00e4heisens\u00e4 ja rikosasian todistajan asemaa)\u00a0\u00a0<\/p>\n<h4>klo 12\u201315<\/h4>\n<p>Hyvinvointialueen yksikk\u00f6 Laatu ja valvonta \u00a0(Asiakas- ja potilasturvallisuus sek\u00e4 -palaute, l\u00e4\u00e4keturvallisuus, osallisuus)<\/p>\n<p>Vamian opiskelijat (Kotona k\u00e4ytett\u00e4vi\u00e4 hyvinvointiteknologian ja apuv\u00e4lineiden mahdollisuuksia turvallisuuden lis\u00e4\u00e4miseksi)<\/p>[\/et_pb_text][et_pb_text _builder_version=&#8221;4.22.1&#8243; _module_preset=&#8221;default&#8221; global_colors_info=&#8221;{}&#8221; theme_builder_area=&#8221;et_body_layout&#8221;]<h3>Tiistai 19.9<\/h3>\n<h4>klo 9\u201312<\/h4>\n<p>Vaasan ensi- ja turvakoti<\/p>\n<p>Rikosuhrip\u00e4ivystys RIKU<\/p>\n<h4>klo 12-15<\/h4>\n<p>Hyvinvointialueen yksikk\u00f6 Laatu ja valvonta<\/p>[\/et_pb_text][et_pb_text _builder_version=&#8221;4.22.1&#8243; _module_preset=&#8221;default&#8221; global_colors_info=&#8221;{}&#8221; theme_builder_area=&#8221;et_body_layout&#8221; locked=&#8221;off&#8221;]<h3>Keskiviikko 20.9<\/h3>\n<h4>klo 9\u201312<\/h4>\n<p>Vaasan ensi- ja turvakoti<\/p>\n<p>Rikosuhrip\u00e4ivystys RIKU<\/p>\n<h4>klo 13\u201315<\/h4>\n<p>Potilas- ja sosiaaliasiamiehet (Tietoa sosiaali- ja potilasasiamiestoiminnasta)<\/p>[\/et_pb_text][et_pb_text _builder_version=&#8221;4.22.1&#8243; _module_preset=&#8221;default&#8221; custom_padding=&#8221;||0px|||&#8221; global_colors_info=&#8221;{}&#8221; theme_builder_area=&#8221;et_body_layout&#8221;]<h3>Torstai 21.9<\/h3>\n<h4>klo 9\u201312<\/h4>\n<p>Punainen Risti (SPR auttaa valmiusteht\u00e4viss\u00e4 ja yst\u00e4v\u00e4toiminnassa torjutaan yksin\u00e4isyyden aiheuttamaa turvattomuutta ja autetaan arjen pieniss\u00e4 teht\u00e4viss\u00e4)<\/p>\n<p><span style=\"color: #000000; font-size: 25px; font-weight: 600;\">klo 12\u201315<\/span><\/p>\n<p>Suomen Pelastusalan Keskusj\u00e4rjest\u00f6 SPEK<\/p>\n<p>&nbsp;<\/p>[\/et_pb_text][\/et_pb_column][\/et_pb_row][\/et_pb_section][et_pb_section fb_built=&#8221;1&#8243; theme_builder_area=&#8221;post_content&#8221; _builder_version=&#8221;4.22.1&#8243; _module_preset=&#8221;default&#8221;][\/et_pb_section]\n\n","protected":false},"excerpt":{"rendered":"<p>V\u00e4rldsh\u00e4lsoorganisationen WHO har utlyst den 17 september som v\u00e4rldsdagen f\u00f6r patients\u00e4kerhet.<\/p>\n<p>OLKA Vaasa deltar genom att ordna en temavecka kring trygghet d\u00e4r organisationer och akt\u00f6rer presenterar sin verksamhet vid Vasa Centralsjukhus i H-husets aula.<\/p>","protected":false},"author":12,"featured_media":103647,"comment_status":"closed","ping_status":"open","sticky":false,"template":"","format":"standard","meta":{"_et_pb_use_builder":"on","_et_pb_old_content":"","_et_gb_content_width":"","footnotes":""},"categories":[14,1],"tags":[54,53,29],"class_list":["post-103641","post","type-post","status-publish","format-standard","has-post-thumbnail","hentry","category-ajankohtaiset-uutiset","category-ajankohtaista","tag-teemapaiva","tag-turvallisuus","tag-yhdistykset"],"_links":{"self":[{"href":"https:\/\/www.pohy.fi\/sv\/wp-json\/wp\/v2\/posts\/103641","targetHints":{"allow":["GET"]}}],"collection":[{"href":"https:\/\/www.pohy.fi\/sv\/wp-json\/wp\/v2\/posts"}],"about":[{"href":"https:\/\/www.pohy.fi\/sv\/wp-json\/wp\/v2\/types\/post"}],"author":[{"embeddable":true,"href":"https:\/\/www.pohy.fi\/sv\/wp-json\/wp\/v2\/users\/12"}],"replies":[{"embeddable":true,"href":"https:\/\/www.pohy.fi\/sv\/wp-json\/wp\/v2\/comments?post=103641"}],"version-history":[{"count":8,"href":"https:\/\/www.pohy.fi\/sv\/wp-json\/wp\/v2\/posts\/103641\/revisions"}],"predecessor-version":[{"id":103676,"href":"https:\/\/www.pohy.fi\/sv\/wp-json\/wp\/v2\/posts\/103641\/revisions\/103676"}],"wp:featuredmedia":[{"embeddable":true,"href":"https:\/\/www.pohy.fi\/sv\/wp-json\/wp\/v2\/media\/103647"}],"wp:attachment":[{"href":"https:\/\/www.pohy.fi\/sv\/wp-json\/wp\/v2\/media?parent=103641"}],"wp:term":[{"taxonomy":"category","embeddable":true,"href":"https:\/\/www.pohy.fi\/sv\/wp-json\/wp\/v2\/categories?post=103641"},{"taxonomy":"post_tag","embeddable":true,"href":"https:\/\/www.pohy.fi\/sv\/wp-json\/wp\/v2\/tags?post=103641"}],"curies":[{"name":"wp","href":"https:\/\/api.w.org\/{rel}","templated":true}]}}