{"id":103551,"date":"2023-06-22T23:40:14","date_gmt":"2023-06-22T20:40:14","guid":{"rendered":"https:\/\/www.pohy.fi\/?p=103551"},"modified":"2023-06-22T23:40:15","modified_gmt":"2023-06-22T20:40:15","slug":"kuntouttavan-tyotoiminnan-kilpailutus-kaynnistynyt-pohjanmaalla","status":"publish","type":"post","link":"https:\/\/www.pohy.fi\/sv\/kuntouttavan-tyotoiminnan-kilpailutus-kaynnistynyt-pohjanmaalla\/","title":{"rendered":"Upphandlingen av rehabiliterande arbetsverksamhet har startat inom \u00d6sterbottens"},"content":{"rendered":"<p>En upphandling av rehabiliterande arbetsverksamhet har startat inom \u00d6sterbottens v\u00e4lf\u00e4rdsomr\u00e5de. Fr.o.m. 1.1.2024 kan endast de arbetsverksamhetsplatser, som deltagit i upphandlingen, erbjuda platser inom rehabiliterande arbetsverksamhet.<\/p>\n\n\n\n<ul class=\"wp-block-list\">\n<li>Upphandlingens 1. period (ans\u00f6kan om deltagande) 15.6.-16.8.2023 kl. 15.00<\/li>\n\n\n\n<li>Upphandlingens 2. period (intern upphandling) 21.8.-30.8.2023 kl. 15.00 <\/li>\n<\/ul>\n\n\n\n<p>Ni kan delta i upphandlingen via f\u00f6ljande l\u00e4nk: <a rel=\"noreferrer noopener\" href=\"https:\/\/tarjouspalvelu.fi\/UX\/TP\/SiirryTarjouspyyntoon?p=624&amp;tpId=464604\" target=\"_blank\">https:\/\/tarjouspalvelu.fi\/UX\/TP\/SiirryTarjouspyyntoon?p=624&amp;tpId=464604<\/a><\/p>\n\n\n\n<p>Fr\u00e5gorna i ans\u00f6kan finns endast p\u00e5 finska men f\u00e5r ifyllas p\u00e5 svenska. Beskrivning av servicen kommer \u00e4ven p\u00e5 svenska inom kort.  \n \nTill\u00e4ggsinformation ges i f\u00f6rsta hand av Virpi Lehtinen, virpi.lehtinen@ovph.fi eller 0404856779.<\/p>\n\n\n\n<p>Vid behov svarar \u00e4ven servicecheferna f\u00f6r serviceenheten f\u00f6r st\u00f6d av arbetsf\u00f6rm\u00e5ga och syssels\u00e4ttning p\u00e5 fr\u00e5gor:<\/p>\n\n\n\n<p>Anne Niemi (Vasa, Laihela, Malax, Korsn\u00e4s, N\u00e4rpes, Kask\u00f6, Kristinestad)<br>anne.niemi@ovph.fi eller 0405419017<br>Semester: 3-23.7.2023<\/p>\n\n\n\n<div class=\"wp-block-group is-layout-constrained wp-block-group-is-layout-constrained\"><\/div>\n\n\n\n<p>Annika Lill-Sundqvist (Jakobstad, Peders\u00f6re, Nykarleby, Larsmo, Kronoby, V\u00f6r\u00e5, Korsholm)<br>annika.lill-sundqvist@ovph.fi eller 0401916382<br>Semester: 26.6-30.7.2023<\/p>\n\n\n\n<div class=\"wp-block-group is-layout-constrained wp-block-group-is-layout-constrained\"><\/div>","protected":false},"excerpt":{"rendered":"<p>En upphandling av rehabiliterande arbetsverksamhet har startat inom \u00d6sterbottens v\u00e4lf\u00e4rdsomr\u00e5de. Fr.o.m. 1.1.2024 kan endast de arbetsverksamhetsplatser, som deltagit i upphandlingen, erbjuda platser inom rehabiliterande arbetsverksamhet.<\/p>","protected":false},"author":21,"featured_media":0,"comment_status":"closed","ping_status":"open","sticky":false,"template":"","format":"standard","meta":{"_et_pb_use_builder":"off","_et_pb_old_content":"","_et_gb_content_width":"","footnotes":""},"categories":[14,1],"tags":[48,29],"class_list":["post-103551","post","type-post","status-publish","format-standard","hentry","category-ajankohtaiset-uutiset","category-ajankohtaista","tag-tyollisyys","tag-yhdistykset"],"_links":{"self":[{"href":"https:\/\/www.pohy.fi\/sv\/wp-json\/wp\/v2\/posts\/103551","targetHints":{"allow":["GET"]}}],"collection":[{"href":"https:\/\/www.pohy.fi\/sv\/wp-json\/wp\/v2\/posts"}],"about":[{"href":"https:\/\/www.pohy.fi\/sv\/wp-json\/wp\/v2\/types\/post"}],"author":[{"embeddable":true,"href":"https:\/\/www.pohy.fi\/sv\/wp-json\/wp\/v2\/users\/21"}],"replies":[{"embeddable":true,"href":"https:\/\/www.pohy.fi\/sv\/wp-json\/wp\/v2\/comments?post=103551"}],"version-history":[{"count":3,"href":"https:\/\/www.pohy.fi\/sv\/wp-json\/wp\/v2\/posts\/103551\/revisions"}],"predecessor-version":[{"id":103554,"href":"https:\/\/www.pohy.fi\/sv\/wp-json\/wp\/v2\/posts\/103551\/revisions\/103554"}],"wp:attachment":[{"href":"https:\/\/www.pohy.fi\/sv\/wp-json\/wp\/v2\/media?parent=103551"}],"wp:term":[{"taxonomy":"category","embeddable":true,"href":"https:\/\/www.pohy.fi\/sv\/wp-json\/wp\/v2\/categories?post=103551"},{"taxonomy":"post_tag","embeddable":true,"href":"https:\/\/www.pohy.fi\/sv\/wp-json\/wp\/v2\/tags?post=103551"}],"curies":[{"name":"wp","href":"https:\/\/api.w.org\/{rel}","templated":true}]}}