{"id":102815,"date":"2023-04-28T10:58:49","date_gmt":"2023-04-28T07:58:49","guid":{"rendered":"https:\/\/www.pohy.fi\/?p=102815"},"modified":"2024-02-01T14:26:20","modified_gmt":"2024-02-01T12:26:20","slug":"djupsund-lovsund-teugmo-byarad-kultur-for-alla-genom-samverkan","status":"publish","type":"post","link":"https:\/\/www.pohy.fi\/sv\/djupsund-lovsund-teugmo-byarad-kultur-for-alla-genom-samverkan\/","title":{"rendered":"Djupsund L\u00f6vsund Teugmo Byar\u00e5d \u2013\u00a0Kultur f\u00f6r alla genom samverkan"},"content":{"rendered":"<p>[et_pb_section fb_built=&#8221;1&#8243; _builder_version=&#8221;4.20.4&#8243; _module_preset=&#8221;default&#8221; global_colors_info=&#8221;{}&#8221;][et_pb_row _builder_version=&#8221;4.20.4&#8243; _module_preset=&#8221;default&#8221; global_colors_info=&#8221;{}&#8221;][et_pb_column type=&#8221;4_4&#8243; _builder_version=&#8221;4.20.4&#8243; _module_preset=&#8221;default&#8221; global_colors_info=&#8221;{}&#8221;][et_pb_text _builder_version=&#8221;4.20.4&#8243; _module_preset=&#8221;default&#8221; global_colors_info=&#8221;{}&#8221;]<\/p>\n<h2><strong>Vad?<\/strong><\/h2>\n<p>Genom samverkan med olika akt\u00f6rer kan Djupsund L\u00f6vsund Teugmo Byar\u00e5d erbjuda ett m\u00e5ngsidigt kulturutbud i sk\u00e4rg\u00e5rden.<\/p>\n<h2><strong>Varf\u00f6r?<\/strong><\/h2>\n<p>Byar\u00e5det vill v\u00e4rna om kulturen och erbjuda byborna kulturupplevelser. Kultur skall finnas till f\u00f6r alla, det \u00e4r viktigt att det finns m\u00f6jlighet att uppleva kultur i den egna n\u00e4rmilj\u00f6n och de olika aktiviteterna och evenemangen st\u00e4rker gemenskapen i byarna.<\/p>\n<h1><\/h1>\n<h2><strong>Hur?<\/strong><\/h2>\n<p>Byar\u00e5det erbjuder m\u00e5ngsidiga kulturupplevelser bland annat inom bildkonst, fotokonst, s\u00e5ng och musik, ber\u00e4ttarkonst, hantverkskultur samt vin- och matkultur. Historiska och naturn\u00e4ra temata med sk\u00e4rg\u00e5rdsanknytning lyfter fram kulturarv . Pidro, som spelats ute i bygderna under m\u00e5nga \u00e5rtionden, samlar deltagare fr\u00e5n n\u00e4r och fj\u00e4rran. Naven f\u00f6r kulturverksamheten \u00e4r den fint renoverade och tillg\u00e4nglighetsanpassade Byag\u00e5rden i Djupsund, som \u00e4gs av Byar\u00e5det och som \u00e5r 2022 erh\u00e5llit hedersomn\u00e4mnande f\u00f6r bra renovering av Finlands Hembygdsf\u00f6rbund.<\/p>\n<p>Byar\u00e5det samverkar aktivt med olika akt\u00f6rer f\u00f6r att kunna m\u00f6jligg\u00f6ra ett brett kulturutbud i sk\u00e4rg\u00e5rden. Nya samarbetsformer utvecklas hela tiden och Byar\u00e5det har samarbetat\/samarbetar bl.a. med f\u00f6ljande akt\u00f6rer: V\u00f6r\u00e5 medborgarinstitut, Yrkesakademin i \u00d6sterbotten, V\u00f6r\u00e5 f\u00f6rsamling, S\u00e4rkimo fria f\u00f6rsamling, Maxmo sk\u00e4rg\u00e5rdsf\u00f6rening, Maximusk\u00f6ren, Folkh\u00e4lsan i Maxmo och V\u00f6r\u00e5 pension\u00e4rsf\u00f6rening. Byar\u00e5det samarbetar med f\u00f6rfattare, musiker, ut\u00f6vare av konst och hantverk samt med andra som \u00f6nskar dela med sig av sitt kunnande.<br \/>De olika kulturevenemangen har samlat m\u00e5nga deltagare fr\u00e5n byarna, n\u00e4romr\u00e5det och andra kommuner. Tillsammans kan man \u00e5stadkomma mycket till gl\u00e4dje f\u00f6r m\u00e5nga!<\/p>\n<p>[\/et_pb_text][\/et_pb_column][\/et_pb_row][et_pb_row _builder_version=&#8221;4.20.4&#8243; _module_preset=&#8221;default&#8221; global_colors_info=&#8221;{}&#8221;][et_pb_column type=&#8221;4_4&#8243; _builder_version=&#8221;4.20.4&#8243; _module_preset=&#8221;default&#8221; global_colors_info=&#8221;{}&#8221;][et_pb_divider show_divider=&#8221;off&#8221; _builder_version=&#8221;4.20.4&#8243; _module_preset=&#8221;default&#8221; global_colors_info=&#8221;{}&#8221;][\/et_pb_divider][\/et_pb_column][\/et_pb_row][et_pb_row _builder_version=&#8221;4.20.4&#8243; _module_preset=&#8221;default&#8221; global_colors_info=&#8221;{}&#8221;][et_pb_column type=&#8221;4_4&#8243; _builder_version=&#8221;4.20.4&#8243; _module_preset=&#8221;default&#8221; global_colors_info=&#8221;{}&#8221;][et_pb_text _builder_version=&#8221;4.20.4&#8243; _module_preset=&#8221;default&#8221; global_colors_info=&#8221;{}&#8221;]<\/p>\n<h2><strong>Framg\u00e5ngsfaktorer<\/strong><\/h2>\n<ul>\n<li>V\u00e5ga ta risker och v\u00e5ga pr\u00f6va p\u00e5 nya koncept<\/li>\n<li>Vara lyh\u00f6rd och lyssna p\u00e5 vad som \u00f6nskas<\/li>\n<li>Diskutera och vidareutveckla olika id\u00e9er tillsammans<\/li>\n<li>Satsa p\u00e5 l\u00e5ngsiktig planering och publicera information om evenemang i god tid.<br \/>Efter genomf\u00f6rda evenemang \u2013 ber\u00e4tta kort vad som gjorts<\/li>\n<li>Aktivt s\u00f6ka bidrag som st\u00f6d f\u00f6r verksamheten<\/li>\n<li>Samverka och st\u00e4rka samarbetsn\u00e4tverk<\/li>\n<\/ul>\n<h3><strong>Kontakt<\/strong><\/h3>\n<p>2023<strong><\/strong><\/p>\n<p>Elisabet Bj\u00f6rk-Norrg\u00e5rd, viceordf\u00f6rande<br \/>050\u00a0465 0148<br \/><a href=\"mailto:elisabet.bjork-norrgard@netikka.fi\">elisabet.bjork-norrgard@netikka.fi<\/a><\/p>\n<h2><strong>Mer info<\/strong><\/h2>\n<p><a href=\"https:\/\/aktion.fi\/2022\/08\/01\/manadens-by-i-augusti-4\/\">M\u00c5NADENS BY I AUGUSTI \u2013 aktion.fi<\/a><br \/><a href=\"https:\/\/maxmoskargard.fi\/\">https:\/\/maxmoskargard.fi<\/a><\/p>\n<p>[\/et_pb_text][\/et_pb_column][\/et_pb_row][\/et_pb_section]<\/p>\n","protected":false},"excerpt":{"rendered":"<p>Genom samverkan med olika akt\u00f6rer kan Djupsund L\u00f6vsund Teugmo Byar\u00e5d erbjuda ett m\u00e5ngsidigt kulturutbud i sk\u00e4rg\u00e5rden.<\/p>","protected":false},"author":12,"featured_media":102745,"comment_status":"closed","ping_status":"open","sticky":false,"template":"","format":"standard","meta":{"_et_pb_use_builder":"on","_et_pb_old_content":"","_et_gb_content_width":"","footnotes":""},"categories":[31],"tags":[],"class_list":["post-102815","post","type-post","status-publish","format-standard","has-post-thumbnail","hentry","category-ideapankki"],"_links":{"self":[{"href":"https:\/\/www.pohy.fi\/sv\/wp-json\/wp\/v2\/posts\/102815","targetHints":{"allow":["GET"]}}],"collection":[{"href":"https:\/\/www.pohy.fi\/sv\/wp-json\/wp\/v2\/posts"}],"about":[{"href":"https:\/\/www.pohy.fi\/sv\/wp-json\/wp\/v2\/types\/post"}],"author":[{"embeddable":true,"href":"https:\/\/www.pohy.fi\/sv\/wp-json\/wp\/v2\/users\/12"}],"replies":[{"embeddable":true,"href":"https:\/\/www.pohy.fi\/sv\/wp-json\/wp\/v2\/comments?post=102815"}],"version-history":[{"count":5,"href":"https:\/\/www.pohy.fi\/sv\/wp-json\/wp\/v2\/posts\/102815\/revisions"}],"predecessor-version":[{"id":104537,"href":"https:\/\/www.pohy.fi\/sv\/wp-json\/wp\/v2\/posts\/102815\/revisions\/104537"}],"wp:featuredmedia":[{"embeddable":true,"href":"https:\/\/www.pohy.fi\/sv\/wp-json\/wp\/v2\/media\/102745"}],"wp:attachment":[{"href":"https:\/\/www.pohy.fi\/sv\/wp-json\/wp\/v2\/media?parent=102815"}],"wp:term":[{"taxonomy":"category","embeddable":true,"href":"https:\/\/www.pohy.fi\/sv\/wp-json\/wp\/v2\/categories?post=102815"},{"taxonomy":"post_tag","embeddable":true,"href":"https:\/\/www.pohy.fi\/sv\/wp-json\/wp\/v2\/tags?post=102815"}],"curies":[{"name":"wp","href":"https:\/\/api.w.org\/{rel}","templated":true}]}}