{"id":102808,"date":"2023-04-28T10:49:00","date_gmt":"2023-04-28T07:49:00","guid":{"rendered":"https:\/\/www.pohy.fi\/?p=102808"},"modified":"2024-02-01T14:29:54","modified_gmt":"2024-02-01T12:29:54","slug":"bennas-byarad-nytt-foreningshus-byggs-i-bennas","status":"publish","type":"post","link":"https:\/\/www.pohy.fi\/sv\/bennas-byarad-nytt-foreningshus-byggs-i-bennas\/","title":{"rendered":"Benn\u00e4s Byar\u00e5d \u2013\u00a0Nytt f\u00f6reningshus byggs i Benn\u00e4s"},"content":{"rendered":"<p>[et_pb_section fb_built=&#8221;1&#8243; _builder_version=&#8221;4.20.4&#8243; _module_preset=&#8221;default&#8221; global_colors_info=&#8221;{}&#8221;][et_pb_row _builder_version=&#8221;4.20.4&#8243; _module_preset=&#8221;default&#8221; global_colors_info=&#8221;{}&#8221;][et_pb_column type=&#8221;4_4&#8243; _builder_version=&#8221;4.20.4&#8243; _module_preset=&#8221;default&#8221; global_colors_info=&#8221;{}&#8221;][et_pb_text _builder_version=&#8221;4.20.4&#8243; _module_preset=&#8221;default&#8221; global_colors_info=&#8221;{}&#8221;]<\/p>\n<h1><strong>Vad?<\/strong><\/h1>\n<p>I Benn\u00e4s byggs ett nytt allaktivitetshus, Loffens, som skall bli en gemensam samlingsplats f\u00f6r byborna.<\/p>\n<h1><strong>Varf\u00f6r?<\/strong><\/h1>\n<p>Det \u00e4r viktigt f\u00f6r byn att ha en lokal d\u00e4r byborna kan samlas. Efter att byns ungdomslokal revs har byn saknat en motsvarande samlingsplats. Dessutom beh\u00f6vde byar\u00e5dets \u201dBy i miniatyr\u201d en utst\u00e4llningsplats, den handgjorda miniatyren visar Benn\u00e4s centrum p\u00e5 1950-talet och \u00e4r hela 4,5 x 8,5 meter stor!<\/p>\n<h1><strong>Hur?<\/strong><\/h1>\n<p>Flera f\u00f6reningar samarbetar kring bygget, Benn\u00e4s Byar\u00e5d \u00e4r projektansvarig och med sig i projektet har de Peders\u00f6re Ungdomsf\u00f6rening, Benn\u00e4s-L\u00f6v\u00f6 Marthaf\u00f6rening och Folkh\u00e4lsan i Peders\u00f6re. Dessutom f\u00e5r de st\u00f6d av Peders\u00f6re kommun och av olika f\u00f6reningar och f\u00f6retag i byn. Bygget har dels utf\u00f6rts av lokala entrepren\u00f6rer, dels av byborna p\u00e5 talko. Det finns en stark talkoanda kring bygget och m\u00e5nga bybor deltar i byggtalkot p\u00e5 olika s\u00e4tt. Man har aktivt s\u00f6kt bidrag f\u00f6r att f\u00f6rverkliga byggprojektet och majoriteten av projektet finansieras genom bidrag. Projektets olika skeden har bl.a. finansierats av Aktion \u00d6sterbotten, Svenska kulturfonden, NTM-centralen och lokala f\u00f6retag.<\/p>\n<p>I allaktivitetshuset p\u00e5 ca 180 m2 skall m\u00e5nga olika typer av verksamhet ordnas. F\u00f6r att maximera anv\u00e4ndningen av utrymmena s\u00e5 f\u00e5r f\u00f6rvaringen av miniatyren en innovativ l\u00f6sning! Miniatyren kommer kunna hissas upp och f\u00f6rvaras i allaktivitetshusets tak, n\u00e4r den inte \u00e4r framme f\u00f6r bes\u00f6kare att bekanta sig med.<\/p>\n<p>[\/et_pb_text][\/et_pb_column][\/et_pb_row][et_pb_row _builder_version=&#8221;4.20.4&#8243; _module_preset=&#8221;default&#8221; global_colors_info=&#8221;{}&#8221;][et_pb_column type=&#8221;4_4&#8243; _builder_version=&#8221;4.20.4&#8243; _module_preset=&#8221;default&#8221; global_colors_info=&#8221;{}&#8221;][et_pb_text _builder_version=&#8221;4.20.4&#8243; _module_preset=&#8221;default&#8221; global_colors_info=&#8221;{}&#8221;]<\/p>\n<h2><strong>Framg\u00e5ngsfaktorer:<\/strong><\/h2>\n<ul>\n<li>M\u00e5lmedvetenhet och drivkraft<\/li>\n<li>God gemenskap och en vi-mentalitet<\/li>\n<li>Gott ledarskap: vara ett gott exempel och med god drivkraft lyfta fram och f\u00f6rverkliga id\u00e9er<\/li>\n<li>Visa uppskattning till talkoarbetarna och styrelsemedlemmarna. G\u00f6r roliga saker tillsammans!<\/li>\n<li>Vid f\u00f6reningens evenemang klarg\u00f6rs alltid vart int\u00e4kterna g\u00e5r<\/li>\n<li>Samarbete med andra f\u00f6reningar och med kommunen<\/li>\n<li>Kunskap om hur man s\u00f6ker bidrag f\u00f6r att f\u00f6rverkliga sina planer<\/li>\n<li>F\u00f6rdomsfritt s\u00f6ka inspiration och h\u00f6ra p\u00e5 allas id\u00e9er. Var lyh\u00f6rd till id\u00e9er som f\u00f6rening och ta upp andras id\u00e9er till diskussion.<\/li>\n<\/ul>\n<h2><\/h2>\n<h2><\/h2>\n<p>&nbsp;<\/p>\n<p>[\/et_pb_text][\/et_pb_column][\/et_pb_row][et_pb_row _builder_version=&#8221;4.20.4&#8243; _module_preset=&#8221;default&#8221; global_colors_info=&#8221;{}&#8221;][et_pb_column type=&#8221;4_4&#8243; _builder_version=&#8221;4.20.4&#8243; _module_preset=&#8221;default&#8221; global_colors_info=&#8221;{}&#8221;][et_pb_text _builder_version=&#8221;4.20.4&#8243; _module_preset=&#8221;default&#8221; global_colors_info=&#8221;{}&#8221;]<\/p>\n<h2><strong>Kontakt och mer information<\/strong><\/h2>\n<p>2023<strong><\/strong><\/p>\n<p><strong>Kontaktperson<\/strong><br \/>Carina R\u00f6nnlund<br \/>041\u00a0452 2232<\/p>\n<p>&nbsp;<\/p>\n<p><strong>Social media<\/strong><br \/><a href=\"https:\/\/fi-fi.facebook.com\/bennasbyaradrf\/\">Benn\u00e4s Byar\u00e5d rf \/ Peders\u00f6re uf \u2013 Facebook<\/a><\/p>\n<p><a href=\"https:\/\/www.instagram.com\/pedersoreuf\/?hl=fi\">Peders\u00f6re UF \u2013 Instagram<\/a><\/p>\n<p>&nbsp;<\/p>\n<p>[\/et_pb_text][\/et_pb_column][\/et_pb_row][\/et_pb_section]<\/p>\n","protected":false},"excerpt":{"rendered":"<p>I Benn\u00e4s byggs ett nytt allaktivitetshus, Loffens, som skall bli en gemensam samlingsplats f\u00f6r byborna.<\/p>","protected":false},"author":12,"featured_media":102750,"comment_status":"closed","ping_status":"open","sticky":false,"template":"","format":"standard","meta":{"_et_pb_use_builder":"on","_et_pb_old_content":"","_et_gb_content_width":"","footnotes":""},"categories":[31],"tags":[35],"class_list":["post-102808","post","type-post","status-publish","format-standard","has-post-thumbnail","hentry","category-ideapankki","tag-bennas-byarad"],"_links":{"self":[{"href":"https:\/\/www.pohy.fi\/sv\/wp-json\/wp\/v2\/posts\/102808","targetHints":{"allow":["GET"]}}],"collection":[{"href":"https:\/\/www.pohy.fi\/sv\/wp-json\/wp\/v2\/posts"}],"about":[{"href":"https:\/\/www.pohy.fi\/sv\/wp-json\/wp\/v2\/types\/post"}],"author":[{"embeddable":true,"href":"https:\/\/www.pohy.fi\/sv\/wp-json\/wp\/v2\/users\/12"}],"replies":[{"embeddable":true,"href":"https:\/\/www.pohy.fi\/sv\/wp-json\/wp\/v2\/comments?post=102808"}],"version-history":[{"count":5,"href":"https:\/\/www.pohy.fi\/sv\/wp-json\/wp\/v2\/posts\/102808\/revisions"}],"predecessor-version":[{"id":104538,"href":"https:\/\/www.pohy.fi\/sv\/wp-json\/wp\/v2\/posts\/102808\/revisions\/104538"}],"wp:featuredmedia":[{"embeddable":true,"href":"https:\/\/www.pohy.fi\/sv\/wp-json\/wp\/v2\/media\/102750"}],"wp:attachment":[{"href":"https:\/\/www.pohy.fi\/sv\/wp-json\/wp\/v2\/media?parent=102808"}],"wp:term":[{"taxonomy":"category","embeddable":true,"href":"https:\/\/www.pohy.fi\/sv\/wp-json\/wp\/v2\/categories?post=102808"},{"taxonomy":"post_tag","embeddable":true,"href":"https:\/\/www.pohy.fi\/sv\/wp-json\/wp\/v2\/tags?post=102808"}],"curies":[{"name":"wp","href":"https:\/\/api.w.org\/{rel}","templated":true}]}}