{"id":102804,"date":"2023-04-28T10:47:00","date_gmt":"2023-04-28T07:47:00","guid":{"rendered":"https:\/\/www.pohy.fi\/?p=102804"},"modified":"2024-02-01T14:34:42","modified_gmt":"2024-02-01T12:34:42","slug":"portom-uf-och-narpes-4h-barnens-sommarklubb","status":"publish","type":"post","link":"https:\/\/www.pohy.fi\/sv\/portom-uf-och-narpes-4h-barnens-sommarklubb\/","title":{"rendered":"P\u00f6rtom UF och N\u00e4rpes 4H \u2013\u00a0Barnens sommarklubb!"},"content":{"rendered":"<p>[et_pb_section fb_built=&#8221;1&#8243; _builder_version=&#8221;4.20.4&#8243; _module_preset=&#8221;default&#8221; global_colors_info=&#8221;{}&#8221;][et_pb_row _builder_version=&#8221;4.20.4&#8243; _module_preset=&#8221;default&#8221; global_colors_info=&#8221;{}&#8221;][et_pb_column type=&#8221;4_4&#8243; _builder_version=&#8221;4.20.4&#8243; _module_preset=&#8221;default&#8221; global_colors_info=&#8221;{}&#8221;][et_pb_text _builder_version=&#8221;4.20.4&#8243; _module_preset=&#8221;default&#8221; global_colors_info=&#8221;{}&#8221;]<\/p>\n<h2><strong>Vad?<\/strong><\/h2>\n<p>Dagverksamhet f\u00f6r barn i f\u00f6rskole- och l\u00e5gstadie\u00e5ldern ordnas i P\u00f6rtom under juni och juli.<br \/>I sommarklubben f\u00e5r barnen leka, pyssla och umg\u00e5s, samt delta i olika aktiviteter. Ett m\u00e5l mat serveras dagligen till barnen. Sommarklubben startades av P\u00f6rtom Ungdomsf\u00f6rening och ordnas idag i samarbete med N\u00e4rpes 4H.<\/p>\n<p>&nbsp;<\/p>\n<h2><strong>Varf\u00f6r?<\/strong><\/h2>\n<p>Det finns en efterfr\u00e5gan p\u00e5 dagverksamhet sommartid, eftersom de flesta f\u00f6r\u00e4ldrar inte har ledigt under hela skollovet.<\/p>\n<p>&nbsp;<\/p>\n<h2><strong>Hur?<\/strong><\/h2>\n<p>En ledare anst\u00e4lls f\u00f6r att dra klubben och hen planerar verksamheten enligt barnens \u00f6nskem\u00e5l. De kan exempelvis baka tillsammans eller \u00e5ka ut och se p\u00e5 djur. En del barn deltar i Folkh\u00e4lsans simskola och ledaren f\u00f6r och h\u00e4mtar barnen fr\u00e5n simskolan. N\u00e4r sportklubben ordnar idrottsvecka bes\u00f6ker sommarklubben den tillsammans.<\/p>\n<p>Arrang\u00f6rerna har f\u00e5tt bidrag f\u00f6r verksamheten. F\u00f6r deltagarna kostar det tv\u00e5 euro per dag att delta och d\u00e4rtill tar man betalt f\u00f6r maten till sj\u00e4lvkostnadspris. F\u00f6reningarna som arrangerar sommarklubben g\u00e5r inte p\u00e5 minus av verksamheten. Under v\u00e5ren koordinerar arrang\u00f6rerna och tar emot anm\u00e4lningar samt anst\u00e4ller en ledare. Under sommaren sk\u00f6ter ledaren verksamheten med st\u00f6d av f\u00f6reningarna.<\/p>\n<p>[\/et_pb_text][\/et_pb_column][\/et_pb_row][et_pb_row _builder_version=&#8221;4.20.4&#8243; _module_preset=&#8221;default&#8221; global_colors_info=&#8221;{}&#8221;][et_pb_column type=&#8221;4_4&#8243; _builder_version=&#8221;4.20.4&#8243; _module_preset=&#8221;default&#8221; global_colors_info=&#8221;{}&#8221;][et_pb_text _builder_version=&#8221;4.20.4&#8243; _module_preset=&#8221;default&#8221; global_colors_info=&#8221;{}&#8221;]<\/p>\n<h2><strong>P\u00f6rtom UF:s tips p\u00e5 framg\u00e5ngsfaktorer:<\/strong><\/h2>\n<ul>\n<li>Vi vill att byn ska leva och d\u00e4rf\u00f6r vill vi satsa p\u00e5 att de ska h\u00e4nda i byn<\/li>\n<li>Vi g\u00f6r det som beh\u00f6ver g\u00f6ras, och det har breddat v\u00e5r verksamhet<\/li>\n<li>Ungdoms och barnverksamhet g\u00f6r f\u00f6reningen k\u00e4nd f\u00f6r yngre<\/li>\n<li>Var inte r\u00e4dda att prova p\u00e5. Om man inte har pr\u00f6vat, s\u00e5 vet man inte om det fungerar!<\/li>\n<li>Om det inte fungerar, s\u00e5 prova p\u00e5 n\u00e5got nytt!<\/li>\n<li>G\u00f6r s\u00e5dant som ni sj\u00e4lva tycker \u00e4r roligt<\/li>\n<li>Ha upp \u00f6gonen f\u00f6r vad andra g\u00f6r och h\u00e4mta inspiration<\/li>\n<\/ul>\n<p>[\/et_pb_text][\/et_pb_column][\/et_pb_row][et_pb_row _builder_version=&#8221;4.20.4&#8243; _module_preset=&#8221;default&#8221; global_colors_info=&#8221;{}&#8221;][et_pb_column type=&#8221;4_4&#8243; _builder_version=&#8221;4.20.4&#8243; _module_preset=&#8221;default&#8221; global_colors_info=&#8221;{}&#8221;][et_pb_text _builder_version=&#8221;4.20.4&#8243; _module_preset=&#8221;default&#8221; global_colors_info=&#8221;{}&#8221;]<\/p>\n<h2><strong>Kontakt och mer info<\/strong><\/h2>\n<p>2023<strong><\/strong><\/p>\n<p><strong>P\u00f6rtom Ungdomsf\u00f6rening<br \/><\/strong>Ordf\u00f6rande Malin Haka<strong>:<span>\u00a0<\/span><\/strong><a href=\"mailto:malinhaka@hotmail.com\">malinhaka@hotmail.com<\/a><strong><br \/><\/strong><a href=\"https:\/\/fi-fi.facebook.com\/portomuf\/\">Facbook<\/a><strong><br \/><\/strong><a href=\"https:\/\/www.instagram.com\/portomuf\/\">Instagram<\/a><\/p>\n<p>&nbsp;<\/p>\n<p><strong>Mer info om sommarklubben:<br \/><\/strong><a href=\"https:\/\/www.sydin.fi\/Artikel\/Visa\/299455\">Att cykla och g\u00f6ra slime \u00e4r favoriter bland barnen p\u00e5 sommarklubb \u2013 Sydin<\/a><\/p>\n<p>[\/et_pb_text][\/et_pb_column][\/et_pb_row][\/et_pb_section]<\/p>\n","protected":false},"excerpt":{"rendered":"<p>Dagverksamhet f\u00f6r barn i f\u00f6rskole- och l\u00e5gstadie\u00e5ldern ordnas i P\u00f6rtom under juni och juli.<br \/>\nI sommarklubben f\u00e5r barnen leka, pyssla och umg\u00e5s, samt delta i olika aktiviteter.<\/p>","protected":false},"author":12,"featured_media":102996,"comment_status":"closed","ping_status":"open","sticky":false,"template":"","format":"standard","meta":{"_et_pb_use_builder":"on","_et_pb_old_content":"","_et_gb_content_width":"","footnotes":""},"categories":[31],"tags":[],"class_list":["post-102804","post","type-post","status-publish","format-standard","has-post-thumbnail","hentry","category-ideapankki"],"_links":{"self":[{"href":"https:\/\/www.pohy.fi\/sv\/wp-json\/wp\/v2\/posts\/102804","targetHints":{"allow":["GET"]}}],"collection":[{"href":"https:\/\/www.pohy.fi\/sv\/wp-json\/wp\/v2\/posts"}],"about":[{"href":"https:\/\/www.pohy.fi\/sv\/wp-json\/wp\/v2\/types\/post"}],"author":[{"embeddable":true,"href":"https:\/\/www.pohy.fi\/sv\/wp-json\/wp\/v2\/users\/12"}],"replies":[{"embeddable":true,"href":"https:\/\/www.pohy.fi\/sv\/wp-json\/wp\/v2\/comments?post=102804"}],"version-history":[{"count":5,"href":"https:\/\/www.pohy.fi\/sv\/wp-json\/wp\/v2\/posts\/102804\/revisions"}],"predecessor-version":[{"id":104540,"href":"https:\/\/www.pohy.fi\/sv\/wp-json\/wp\/v2\/posts\/102804\/revisions\/104540"}],"wp:featuredmedia":[{"embeddable":true,"href":"https:\/\/www.pohy.fi\/sv\/wp-json\/wp\/v2\/media\/102996"}],"wp:attachment":[{"href":"https:\/\/www.pohy.fi\/sv\/wp-json\/wp\/v2\/media?parent=102804"}],"wp:term":[{"taxonomy":"category","embeddable":true,"href":"https:\/\/www.pohy.fi\/sv\/wp-json\/wp\/v2\/categories?post=102804"},{"taxonomy":"post_tag","embeddable":true,"href":"https:\/\/www.pohy.fi\/sv\/wp-json\/wp\/v2\/tags?post=102804"}],"curies":[{"name":"wp","href":"https:\/\/api.w.org\/{rel}","templated":true}]}}