{"id":102802,"date":"2023-04-28T10:43:00","date_gmt":"2023-04-28T07:43:00","guid":{"rendered":"https:\/\/www.pohy.fi\/?p=102802"},"modified":"2023-04-28T11:32:33","modified_gmt":"2023-04-28T08:32:33","slug":"bergo-orad-r-f-forening-byggde-unikt-serviceboende-pa-bergo-i-anslutning-till-byns-skola","status":"publish","type":"post","link":"https:\/\/www.pohy.fi\/sv\/bergo-orad-r-f-forening-byggde-unikt-serviceboende-pa-bergo-i-anslutning-till-byns-skola\/","title":{"rendered":"Berg\u00f6 \u00d6r\u00e5d r.f. \u2013\u00a0F\u00f6rening byggde unikt serviceboende p\u00e5 Berg\u00f6, i anslutning till byns skola"},"content":{"rendered":"\n\n\n[et_pb_section fb_built=&#8221;1&#8243; _builder_version=&#8221;4.20.4&#8243; _module_preset=&#8221;default&#8221; global_colors_info=&#8221;{}&#8221; theme_builder_area=&#8221;post_content&#8221;][et_pb_row _builder_version=&#8221;4.20.4&#8243; _module_preset=&#8221;default&#8221; global_colors_info=&#8221;{}&#8221; theme_builder_area=&#8221;post_content&#8221;][et_pb_column type=&#8221;4_4&#8243; _builder_version=&#8221;4.20.4&#8243; _module_preset=&#8221;default&#8221; global_colors_info=&#8221;{}&#8221; theme_builder_area=&#8221;post_content&#8221;][et_pb_text _builder_version=&#8221;4.20.4&#8243; _module_preset=&#8221;default&#8221; global_colors_info=&#8221;{}&#8221; theme_builder_area=&#8221;post_content&#8221;]<h2><strong>Vad?<\/strong><\/h2>\n<p>Mitt i \u00f6samh\u00e4llet Berg\u00f6 ligger serviceboendet Fyrg\u00e5rden. Boendet \u00e4r ihopbyggt med Berg\u00f6 skola vilket<span>\u00a0<\/span><strong>skapar m\u00e5nga positiva synergier!<\/strong><span>\u00a0<\/span>Det ger de \u00e4ldre m\u00f6jligheten att se p\u00e5 n\u00e4r barnen leker p\u00e5 skolg\u00e5rden och skolklasser kan h\u00e4lsa p\u00e5 hos de \u00e4ldre och ordna gemensamma aktiviteter. Boendet delar ocks\u00e5 k\u00f6k och tekniskt utrymme med skolan.<\/p>\n<p>P\u00e5 omr\u00e5det finns f\u00f6rutom skolan \u00e4ven h\u00e4lsostation, bibliotek och idrottsanl\u00e4ggningar s\u00e5 som ett gym, en ishockeyrink och en pulkabacke. De \u00e4ldre som bor p\u00e5 boendet f\u00e5r vara med d\u00e4r det h\u00e4nder och f\u00f6lja med barnens och bybornas aktiviteter \u00e4ven kv\u00e4llstid. Det \u00e4r l\u00e4tt att h\u00e4lsa p\u00e5 vid boendet i samband med att man \u00e5ker till sina fritidsintressen.<\/p>\n<p>Serviceboendet \u00e4r ett allm\u00e4nnyttigt samfund som \u00e4gs av f\u00f6reningen Berg\u00f6 \u00d6r\u00e5d r.f. Det \u00e4r ett effektiverat serviceboendet med tio platser som har byggts av Berg\u00f6 \u00d6r\u00e5d och drivs av \u00d6sterbottens v\u00e4lf\u00e4rdsomr\u00e5de.<\/p>\n<p><strong>\u00a0<\/strong><\/p>\n<h2><strong>Varf\u00f6r?<\/strong><\/h2>\n<p>F\u00f6r att \u00e4ldre Berg\u00f6bor med ett \u00f6kat servicebehov skall kunna bo kvar hemma p\u00e5 \u00f6n. De anh\u00f6riga har \u00e4ven l\u00e4ttare att h\u00e4lsa p\u00e5. Att \u00e5ka till fastlandet tar l\u00e5ng tid och m\u00e5nga anh\u00f6riga \u00e4r gamla och saknar k\u00f6rkort, vilket skulle g\u00f6ra det sv\u00e5rt att \u00e5ka till fastlandet och h\u00e4lsa p\u00e5.<\/p>\n<p><strong>\u00a0<\/strong><\/p>\n<h2><strong>Hur?<\/strong><\/h2>\n<p>F\u00f6reningen Berg\u00f6 \u00d6r\u00e5d r.f. jobbade under m\u00e5nga \u00e5r f\u00f6r att f\u00e5 ett kommunalt serviceboende till \u00f6n. N\u00e4r detta arbete inte lyckades, s\u00e5 best\u00e4mde man sig f\u00f6r att sj\u00e4lva bygga ett serviceboende. Under planeringstiden visade det sig att \u00f6ns skola hade m\u00f6gel och beh\u00f6vde rivas. Detta v\u00e4ckte tanken om att boendet kunde byggas under samma tak som den nya skolan. Denna id\u00e9 blev verklighet och bygget planerades i n\u00e4ra samarbete med kommunen. Innan bygget inleddes hade kommunen ocks\u00e5 lovat att st\u00e5 f\u00f6r driften av serviceboendet.<\/p>\n<p>Berg\u00f6 Serviceboende Ab \u00e4r ett allm\u00e4nnyttigt samfund som \u00e4gs av Berg\u00f6 \u00d6r\u00e5d r.f. Man bildade ett bolag f\u00f6r att ha m\u00f6jlighet att f\u00e5 investeringsst\u00f6d och r\u00e4ntest\u00f6dsl\u00e5n fr\u00e5n Finansierings- och utvecklingscentralen f\u00f6r boendet (ARA).<\/p>\n<p>Omr\u00e5det kring Fyrg\u00e5rden har resulterat i m\u00e5nga fina samarbeten. Berg\u00f6 Serviceboende Ab har ett n\u00e4ra samarbete med kommunen och v\u00e4lf\u00e4rdsomr\u00e5det. V\u00e4lf\u00e4rdsomr\u00e5det driver Fyrg\u00e5rden och hyr serviceboendet samt utrymmen f\u00f6r hemservicen och h\u00e4lsostationen av Berg\u00f6 Serviceboende Ab. Skolk\u00f6ket tillreder f\u00f6rutom skolmaten ocks\u00e5 mat f\u00f6r serviceboendet och hemservicen. H\u00e4lsostationen \u00e4r n\u00e4ra tillg\u00e4nglig f\u00f6r b\u00e5de skolbarn och inv\u00e5narna p\u00e5 boendet. Fyrg\u00e5rden delar teknisk central med skolan och kommunen fakturerar f\u00f6r vatten, el och uppv\u00e4rmning. I dagsl\u00e4get har Fyrg\u00e5rden tio inv\u00e5nare men efterfr\u00e5gan p\u00e5 platser \u00e4r st\u00f6rre. Att f\u00e5 bo kvar p\u00e5 sin hem\u00f6 \u00e4r viktigt f\u00f6r Berg\u00f6borna.<\/p>[\/et_pb_text][\/et_pb_column][\/et_pb_row][et_pb_row _builder_version=&#8221;4.20.4&#8243; _module_preset=&#8221;default&#8221; theme_builder_area=&#8221;post_content&#8221;][et_pb_column _builder_version=&#8221;4.20.4&#8243; _module_preset=&#8221;default&#8221; type=&#8221;4_4&#8243; theme_builder_area=&#8221;post_content&#8221;][et_pb_text _builder_version=&#8221;4.20.4&#8243; _module_preset=&#8221;default&#8221; theme_builder_area=&#8221;post_content&#8221; hover_enabled=&#8221;0&#8243; sticky_enabled=&#8221;0&#8243;]<h2><strong>Framg\u00e5ngsfaktorer:<\/strong><\/h2>\n<ul>\n<li>Envishet, om n\u00e5got inte lyckas f\u00f6rsta g\u00e5ngen s\u00e5 g\u00f6r \u00e4ndringar och f\u00f6rs\u00f6k p\u00e5 nytt<\/li>\n<li>Engagemang och eldsj\u00e4lar i f\u00f6reningen<\/li>\n<li>Bra kommunikation med kommunen och v\u00e4lf\u00e4rdsomr\u00e5det<\/li>\n<li>Det geografiska l\u00e4get motiverar, man m\u00e5ste sj\u00e4lv ta tag i saker f\u00f6r att skapa det man beh\u00f6ver<\/li>\n<\/ul>[\/et_pb_text][\/et_pb_column][\/et_pb_row][et_pb_row _builder_version=&#8221;4.20.4&#8243; _module_preset=&#8221;default&#8221; theme_builder_area=&#8221;post_content&#8221;][et_pb_column _builder_version=&#8221;4.20.4&#8243; _module_preset=&#8221;default&#8221; type=&#8221;4_4&#8243; theme_builder_area=&#8221;post_content&#8221;][et_pb_text _builder_version=&#8221;4.20.4&#8243; _module_preset=&#8221;default&#8221; theme_builder_area=&#8221;post_content&#8221; hover_enabled=&#8221;0&#8243; sticky_enabled=&#8221;0&#8243;]<h2><strong>Kontakt och mer information:<\/strong><\/h2>\n<p><strong>Berg\u00f6 \u00d6r\u00e5d r.f.<br \/><\/strong><a href=\"mailto:bergo.orad@gmail.com\">bergo.orad@gmail.com<\/a><br \/><a href=\"https:\/\/www.xn--berg-8qa.fi\/\">Hemsida<\/a><br \/><a href=\"https:\/\/www.instagram.com\/visitbergo\/\">Berg\u00f6 \u00d6r\u00e5d (@visitbergo) \u2022 Instagram<\/a><\/p>\n<p><strong>\u00a0<\/strong><\/p>\n<p><strong>Mer info om serviceboendet:<br \/><\/strong><a href=\"https:\/\/www.xn--berg-8qa.fi\/kontaktuppgifter\/bergo-serviceboende\/\">Berg\u00f6 Serviceboende Ab<\/a><br \/><a href=\"https:\/\/www.youtube.com\/watch?v=69HDPO0_jGo&amp;list=PLSnpsbMp6gkjMLE_usXi4EUv7YnTUnKx7&amp;index=98\">Samha\u0308lleligt fo\u0308retagande \u2013 Bergo\u0308 Serviceboende \u2013 YouTube<\/a><\/p>[\/et_pb_text][\/et_pb_column][\/et_pb_row][\/et_pb_section]\n\n\n","protected":false},"excerpt":{"rendered":"<p>Mitt i \u00f6samh\u00e4llet Berg\u00f6 ligger serviceboendet Fyrg\u00e5rden. Boendet \u00e4r ihopbyggt med Berg\u00f6 skola vilket skapar m\u00e5nga positiva synergier!<\/p>","protected":false},"author":12,"featured_media":102747,"comment_status":"closed","ping_status":"open","sticky":false,"template":"","format":"standard","meta":{"_et_pb_use_builder":"on","_et_pb_old_content":"","_et_gb_content_width":"","footnotes":""},"categories":[31],"tags":[],"class_list":["post-102802","post","type-post","status-publish","format-standard","has-post-thumbnail","hentry","category-ideapankki"],"_links":{"self":[{"href":"https:\/\/www.pohy.fi\/sv\/wp-json\/wp\/v2\/posts\/102802","targetHints":{"allow":["GET"]}}],"collection":[{"href":"https:\/\/www.pohy.fi\/sv\/wp-json\/wp\/v2\/posts"}],"about":[{"href":"https:\/\/www.pohy.fi\/sv\/wp-json\/wp\/v2\/types\/post"}],"author":[{"embeddable":true,"href":"https:\/\/www.pohy.fi\/sv\/wp-json\/wp\/v2\/users\/12"}],"replies":[{"embeddable":true,"href":"https:\/\/www.pohy.fi\/sv\/wp-json\/wp\/v2\/comments?post=102802"}],"version-history":[{"count":7,"href":"https:\/\/www.pohy.fi\/sv\/wp-json\/wp\/v2\/posts\/102802\/revisions"}],"predecessor-version":[{"id":102895,"href":"https:\/\/www.pohy.fi\/sv\/wp-json\/wp\/v2\/posts\/102802\/revisions\/102895"}],"wp:featuredmedia":[{"embeddable":true,"href":"https:\/\/www.pohy.fi\/sv\/wp-json\/wp\/v2\/media\/102747"}],"wp:attachment":[{"href":"https:\/\/www.pohy.fi\/sv\/wp-json\/wp\/v2\/media?parent=102802"}],"wp:term":[{"taxonomy":"category","embeddable":true,"href":"https:\/\/www.pohy.fi\/sv\/wp-json\/wp\/v2\/categories?post=102802"},{"taxonomy":"post_tag","embeddable":true,"href":"https:\/\/www.pohy.fi\/sv\/wp-json\/wp\/v2\/tags?post=102802"}],"curies":[{"name":"wp","href":"https:\/\/api.w.org\/{rel}","templated":true}]}}