{"id":102735,"date":"2023-04-26T14:23:39","date_gmt":"2023-04-26T11:23:39","guid":{"rendered":"https:\/\/www.pohy.fi\/?p=102735"},"modified":"2024-02-01T14:38:22","modified_gmt":"2024-02-01T12:38:22","slug":"cykelrikshor-ger-mojligheten-att-uppleva-narmiljon-tillsammans-med-frivilliga-cykelpiloter-2","status":"publish","type":"post","link":"https:\/\/www.pohy.fi\/sv\/cykelrikshor-ger-mojligheten-att-uppleva-narmiljon-tillsammans-med-frivilliga-cykelpiloter-2\/","title":{"rendered":"Folkh\u00e4lsan \u2013\u00a0Cykelrikshor ger m\u00f6jligheten att uppleva n\u00e4rmilj\u00f6n tillsammans med frivilliga cykelpiloter"},"content":{"rendered":"<p>[et_pb_section fb_built=&#8221;1&#8243; _builder_version=&#8221;4.20.4&#8243; _module_preset=&#8221;default&#8221; global_colors_info=&#8221;{}&#8221;][et_pb_row _builder_version=&#8221;4.20.4&#8243; _module_preset=&#8221;default&#8221; global_colors_info=&#8221;{}&#8221;][et_pb_column type=&#8221;4_4&#8243; _builder_version=&#8221;4.20.4&#8243; _module_preset=&#8221;default&#8221; global_colors_info=&#8221;{}&#8221;][et_pb_text _builder_version=&#8221;4.20.4&#8243; _module_preset=&#8221;default&#8221; global_colors_info=&#8221;{}&#8221;]<\/p>\n<h2 class=\"elementor-element elementor-element-19d13293 elementor-widget elementor-widget-theme-post-title elementor-page-title elementor-widget-heading\" data-id=\"19d13293\" data-element_type=\"widget\" data-widget_type=\"theme-post-title.default\"><strong style=\"font-size: 38px;\">Vad?<\/strong><\/h2>\n<div class=\"elementor-element elementor-element-46081b95 elementor-widget elementor-widget-theme-post-content\" data-id=\"46081b95\" data-element_type=\"widget\" data-widget_type=\"theme-post-content.default\">\n<div class=\"elementor-widget-container\">\n<p>Folkh\u00e4lsan i \u00d6sterbotten startade \u00e5r 2017 en ny verksamhet som g\u00e5r ut p\u00e5 att erbjuda \u00e4ldre och funktionshindrade nya m\u00f6jligheter att uppt\u00e4cka n\u00e4rmilj\u00f6n och naturen med hj\u00e4lp av cykelrikshor. Id\u00e9en togs fr\u00e5n Cykelf\u00f6rbundets projekt \u201dCykling utan \u00e5lder \u2013 Vind i h\u00e5ret\u201d (Py\u00f6r\u00e4ll\u00e4 kaiken ik\u00e4\u00e4) som hade startat n\u00e5gra \u00e5r innan. Sj\u00e4lva id\u00e9en f\u00f6ddes i Danmark \u00e5r 2012, d\u00e4r en man vid namn Ole Kassow kom p\u00e5 id\u00e9en att erbjuda \u00e4ldre nya upplevelser genom att ta ut dem p\u00e5 en cykeltur i en cykelriksha. Id\u00e9n har sedermera spridit sig i Norden och till m\u00e5nga andra l\u00e4nder.<\/p>\n<p>Paula Kullas verksam inom Vasa Cykelf\u00f6rening VeloVa har fungerat som id\u00e9spridare, inspirat\u00f6r och koordinator f\u00f6r cykelriksha-verksamheten i \u00d6sterbotten. Paula har genomg\u00e5tt Cykelf\u00f6rbundets utbildning och kan titulera sig \u201dkapten\u201d<\/p>\n<\/div>\n<\/div>\n<p>[\/et_pb_text][\/et_pb_column][\/et_pb_row][et_pb_row _builder_version=&#8221;4.20.4&#8243; _module_preset=&#8221;default&#8221; global_colors_info=&#8221;{}&#8221;][et_pb_column type=&#8221;4_4&#8243; _builder_version=&#8221;4.20.4&#8243; _module_preset=&#8221;default&#8221; global_colors_info=&#8221;{}&#8221;][\/et_pb_column][\/et_pb_row][et_pb_row _builder_version=&#8221;4.20.4&#8243; _module_preset=&#8221;default&#8221; global_colors_info=&#8221;{}&#8221;][et_pb_column type=&#8221;4_4&#8243; _builder_version=&#8221;4.20.4&#8243; _module_preset=&#8221;default&#8221; global_colors_info=&#8221;{}&#8221;][et_pb_text _builder_version=&#8221;4.20.4&#8243; _module_preset=&#8221;default&#8221; global_colors_info=&#8221;{}&#8221;]<\/p>\n<h2><strong>Varf\u00f6r?<\/strong><\/h2>\n<p>Verksamheten har som m\u00e5l att erbjuda nya upplevelser och omv\u00e4xling f\u00f6r \u00e4ldre, men ocks\u00e5 andra m\u00e5lgrupper kan komma i fr\u00e5ga t.ex. personer med funktionsneds\u00e4ttning. De positiva effekterna finns p\u00e5 m\u00e5nga plan; erbjuda naturupplevelser och frisk luft, \u00a0v\u00e4cka sinnen och minnen genom att iaktta vad som h\u00e4nder runtomkring, minska ensamhetsk\u00e4nslan. Allt detta bidrar till att \u00f6ka v\u00e4lbefinnandet hos de \u00e4ldre.<\/p>\n<p>F\u00f6r de frivilliga som deltar erbjuder verksamheten meningsfull syssels\u00e4ttning bl.a. genom att komma i kontakt med \u00e4ldre personer. F\u00f6r nyinflyttade kan frivilligverksamheten vara ett s\u00e4tt att l\u00e4ra sig om sin nya hemort och dess historia. P\u00e5 k\u00f6pet bidrar den fysiska aktiviteten till en b\u00e4ttre kondition.<\/p>\n<p>[\/et_pb_text][\/et_pb_column][\/et_pb_row][et_pb_row _builder_version=&#8221;4.20.4&#8243; _module_preset=&#8221;default&#8221; global_colors_info=&#8221;{}&#8221;][et_pb_column type=&#8221;4_4&#8243; _builder_version=&#8221;4.20.4&#8243; _module_preset=&#8221;default&#8221; global_colors_info=&#8221;{}&#8221;][et_pb_text _builder_version=&#8221;4.20.4&#8243; _module_preset=&#8221;default&#8221; global_colors_info=&#8221;{}&#8221;]<\/p>\n<h2><strong>Hur?<\/strong><\/h2>\n<p>I \u00d6sterbotten har en cykelriksha skaffats till Folkh\u00e4lsanhusen i Vasa och Korsholm. Rikshor i Folkh\u00e4lsans regi finns ocks\u00e5 i Karleby, Kronoby, Jakobstad och i Replot (lokala Folkh\u00e4lsan-f\u00f6reningen).<\/p>\n<p>F\u00f6r att verksamheten ska kunna drivas beh\u00f6vs ocks\u00e5 ett tillr\u00e4ckligt antal frivilliga som engagerar sig i verksamheten och st\u00e4ller upp som cykelf\u00f6rare eller s.k. piloter som det heter. Om det \u00e4r en f\u00f6rening som handhar verksamheten kan rekryteringen av frivilliga starta med att kontakta medlemmarna i f\u00f6reningen. Cykelf\u00f6rbundet har producerat ett utbildningsmaterial f\u00f6r utbildning av frivilliga i verksamheten. Folkh\u00e4lsan har \u00f6versatt materialet till svenska. Folkh\u00e4lsan har valt att utbilda alla sina frivilliga cykelpiloter.<\/p>\n<p>Vem som helst kan k\u00f6pa en cykelriksha. Priserna f\u00f6r cykelrikshor startar vid ca. 3500 Euro. D\u00e4rut\u00f6ver b\u00f6r man beakta kostnader f\u00f6r underh\u00e5ll. Det \u00e4r bra att ha en plan f\u00f6r f\u00f6rvaring och underh\u00e5ll av fordonet. Anskaffningen kan vara en betydande investering f\u00f6r f\u00f6reningar och det har uppst\u00e5tt olika samarbeten kring utl\u00e5ning av cykelrikshor. \u00c4ven Folkh\u00e4lsan har samarbetat med f\u00f6reningar och offentlig sektor kring utl\u00e5ning av cykelrikshor och utbildning av frivilliga cykelpiloter.<\/p>\n<p>I \u00d6sterbotten har m\u00e5nga fina samarbeten redan uppst\u00e5tt kring cykelriksha-verksamhet mellan f\u00f6reningar, samt mellan f\u00f6reningar och offentlig sektor. Vi i projektteamet ser att m\u00f6jligheter finns f\u00f6r ny verksamhet och nya samarbeten att uppst\u00e5! Blev du\/ni i er f\u00f6rening intresserade? Om svaret \u00e4r ja, ta kontakt med hj\u00e4lp av uppgifterna nedan:<\/p>\n<p>[\/et_pb_text][\/et_pb_column][\/et_pb_row][et_pb_row _builder_version=&#8221;4.20.4&#8243; _module_preset=&#8221;default&#8221; global_colors_info=&#8221;{}&#8221;][et_pb_column type=&#8221;4_4&#8243; _builder_version=&#8221;4.20.4&#8243; _module_preset=&#8221;default&#8221; global_colors_info=&#8221;{}&#8221;][et_pb_text _builder_version=&#8221;4.20.4&#8243; _module_preset=&#8221;default&#8221; global_colors_info=&#8221;{}&#8221;]<\/p>\n<h2 style=\"text-align: center;\"><strong>Kontakt<\/strong><\/h2>\n<p style=\"text-align: center;\">2023<\/p>\n<p style=\"text-align: center;\">Paula Kullas\/Cykling utan \u00e5lder<\/p>\n<p style=\"text-align: center;\"><a href=\"mailto:paula.kullas@gmail.com\">paula.kullas@gmail.com<\/a><\/p>\n<p style=\"text-align: center;\">Annette Sandelin \/ Folkh\u00e4lsan<\/p>\n<p style=\"text-align: center;\">050 5544 484<\/p>\n<p style=\"text-align: center;\"><a href=\"mailto:annette.sandelin@folkhalsan.fi\">annette.sandelin@folkhalsan.fi<\/a>,<\/p>\n<p>[\/et_pb_text][\/et_pb_column][\/et_pb_row][et_pb_row _builder_version=&#8221;4.20.4&#8243; _module_preset=&#8221;default&#8221; global_colors_info=&#8221;{}&#8221;][et_pb_column type=&#8221;4_4&#8243; _builder_version=&#8221;4.20.4&#8243; _module_preset=&#8221;default&#8221; global_colors_info=&#8221;{}&#8221;][et_pb_text _builder_version=&#8221;4.20.4&#8243; _module_preset=&#8221;default&#8221; global_colors_info=&#8221;{}&#8221;]<\/p>\n<h2 style=\"text-align: center;\"><strong>Mer information:<\/strong><\/h2>\n<p style=\"text-align: center;\"><strong>Folkh\u00e4lsans cykelriksha-verksamhet:<\/strong><\/p>\n<p style=\"text-align: center;\"><a href=\"https:\/\/www.folkhalsan.fi\/foreningar\/frivilliguppdrag\/cykelpilot\/\">Cykelpilot \u2013 Folkh\u00e4lsan (folkhalsan.fi)<\/a><\/p>\n<p style=\"text-align: center;\"><a href=\"https:\/\/www.folkhalsan.fi\/nyheter\/2017\/juni\/folkhalsan-skaffar-tva-cykelrikshor-till-aldreomsorgen\/\">Folkh\u00e4lsan skaffar tv\u00e5 cykelrikshor \u2013 Folkh\u00e4lsan (folkhalsan.fi)<\/a><\/p>\n<p style=\"text-align: center;\"><a href=\"https:\/\/www.folkhalsan.fi\/nyheter\/2018\/december\/bertel-glads-over-att-ta-ut-aldre-pa-cykeltur\/\">Bertel gl\u00e4ds \u00f6ver att ta ut \u00e4ldre p\u00e5 cykeltur \u2013 Folkh\u00e4lsan (folkhalsan.fi)<\/a><\/p>\n<p>[\/et_pb_text][\/et_pb_column][\/et_pb_row][et_pb_row _builder_version=&#8221;4.20.4&#8243; _module_preset=&#8221;default&#8221; global_colors_info=&#8221;{}&#8221;][et_pb_column type=&#8221;4_4&#8243; _builder_version=&#8221;4.20.4&#8243; _module_preset=&#8221;default&#8221; global_colors_info=&#8221;{}&#8221;][et_pb_text _builder_version=&#8221;4.20.4&#8243; _module_preset=&#8221;default&#8221; global_colors_info=&#8221;{}&#8221;]<\/p>\n<p style=\"text-align: center;\"><strong>Cykelriksha-verksamheten p\u00e5 finska, Py\u00f6r\u00e4liitto \/ Py\u00f6r\u00e4ll\u00e4 kaiken ik\u00e4\u00e4 (Cykling utan \u00e5lder):<\/strong><br \/><a href=\"https:\/\/pyorallakaikenikaa.fi\/\">Oikeus tuntea tuuli hiuksissasi \u2013 Py\u00f6r\u00e4ll\u00e4 kaiken ik\u00e4\u00e4 (pyorallakaikenikaa.fi)<\/a><\/p>\n<p style=\"text-align: center;\">\u00a0<\/p>\n<p style=\"text-align: center;\"><strong>Inspirations-video om cykelriksha-verksamhet:<\/strong><\/p>\n<p style=\"text-align: center;\"><a href=\"https:\/\/www.youtube.com\/watch?v=NB81-gjj0Cs\">H\u00e4r kan du k\u00e4nna vinden i h\u00e5ret<\/a><\/p>\n<p>[\/et_pb_text][\/et_pb_column][\/et_pb_row][\/et_pb_section]<\/p>\n","protected":false},"excerpt":{"rendered":"<p>Folkh\u00e4lsan i \u00d6sterbotten erbjuder \u00e4ldre och funktionshindrade nya m\u00f6jligheter att uppt\u00e4cka n\u00e4rmilj\u00f6n och naturen med hj\u00e4lp av cykelrikshor.<\/p>","protected":false},"author":12,"featured_media":102752,"comment_status":"closed","ping_status":"open","sticky":false,"template":"","format":"standard","meta":{"_et_pb_use_builder":"on","_et_pb_old_content":"","_et_gb_content_width":"","footnotes":""},"categories":[31],"tags":[],"class_list":["post-102735","post","type-post","status-publish","format-standard","has-post-thumbnail","hentry","category-ideapankki"],"_links":{"self":[{"href":"https:\/\/www.pohy.fi\/sv\/wp-json\/wp\/v2\/posts\/102735","targetHints":{"allow":["GET"]}}],"collection":[{"href":"https:\/\/www.pohy.fi\/sv\/wp-json\/wp\/v2\/posts"}],"about":[{"href":"https:\/\/www.pohy.fi\/sv\/wp-json\/wp\/v2\/types\/post"}],"author":[{"embeddable":true,"href":"https:\/\/www.pohy.fi\/sv\/wp-json\/wp\/v2\/users\/12"}],"replies":[{"embeddable":true,"href":"https:\/\/www.pohy.fi\/sv\/wp-json\/wp\/v2\/comments?post=102735"}],"version-history":[{"count":10,"href":"https:\/\/www.pohy.fi\/sv\/wp-json\/wp\/v2\/posts\/102735\/revisions"}],"predecessor-version":[{"id":104541,"href":"https:\/\/www.pohy.fi\/sv\/wp-json\/wp\/v2\/posts\/102735\/revisions\/104541"}],"wp:featuredmedia":[{"embeddable":true,"href":"https:\/\/www.pohy.fi\/sv\/wp-json\/wp\/v2\/media\/102752"}],"wp:attachment":[{"href":"https:\/\/www.pohy.fi\/sv\/wp-json\/wp\/v2\/media?parent=102735"}],"wp:term":[{"taxonomy":"category","embeddable":true,"href":"https:\/\/www.pohy.fi\/sv\/wp-json\/wp\/v2\/categories?post=102735"},{"taxonomy":"post_tag","embeddable":true,"href":"https:\/\/www.pohy.fi\/sv\/wp-json\/wp\/v2\/tags?post=102735"}],"curies":[{"name":"wp","href":"https:\/\/api.w.org\/{rel}","templated":true}]}}