{"id":102520,"date":"2023-04-12T23:44:38","date_gmt":"2023-04-12T20:44:38","guid":{"rendered":"https:\/\/www.pohy.fi\/?p=102520"},"modified":"2023-06-22T23:42:12","modified_gmt":"2023-06-22T20:42:12","slug":"webinaari-elamaa-allergisten-iho-ja-hengitysoireiden-kanssa-25-4","status":"publish","type":"post","link":"https:\/\/www.pohy.fi\/sv\/webinaari-elamaa-allergisten-iho-ja-hengitysoireiden-kanssa-25-4\/","title":{"rendered":"Webbinarium: Att leva med allergiska hud- och andningssymptom 25.4."},"content":{"rendered":"<p>Delta med via Teams: <a rel=\"noreferrer noopener\" href=\"https:\/\/bit.ly\/3JxkdsW\" target=\"_blank\">https:\/\/bit.ly\/3JxkdsW<\/a><\/p>\n\n\n\n<p><strong>PROGRAMMET<\/strong><\/p>\n\n\n\n<p>15:00 Webinaarin avaus \/ \u00d6ppning av webbinariet<br>Raija Koivisto, Pohjanmaan yhdistykset ry<\/p>\n\n\n\n<p>15:05: Terveytt\u00e4 edist\u00e4v\u00e4 ruokavalio \/ H\u00e4lsofr\u00e4mjande kost<br>Ravitsemusterapeutti \/ N\u00e4ringsterapeut Arja Rantala<\/p>\n\n\n\n<p>15:35 Ajankohtaista allergioista, oireet ja hoitoketju<br>Aktuellt om allergier, symptom och v\u00e5rdkedjan<br>Erikoisl\u00e4\u00e4k\u00e4ri \/ Speciall\u00e4kare Ida knutar<\/p>\n\n\n\n<p>16:10 Keskustelu \/ Diskussion<\/p>\n\n\n\n<p>16:20 Vaasan Seudun Hengitysyhdistyksen esittely \/<br>Presentation av Vasanejdens Andningsf\u00f6rening<br>Hallituksen j\u00e4sen \/ Styrelsemedlem Leena Myllykangas<\/p>\n\n\n\n<p>16:30 Sis\u00e4ilma \/ Inomhusluft<br>Kokemusasiantuntija \/ erfarenhetsakt\u00f6r Pirkko Moisio<\/p>\n\n\n\n<p>16:50 Arkea ruoka-allergisen lapsen kanssa \/<br>Vardagen med ett barn som har matallergier<br>Kokemusasiantuntija \/ Erfarenhetsakt\u00f6r Jonna Yli-Rekola<\/p>\n\n\n\n<p>17:10 Loppusanat \/ Slutord<br>Viveca Salminen, OLKA-toiminta \/ OLKA-verksamheten, POHY<\/p>","protected":false},"excerpt":{"rendered":"<p>Osallistu mukaan suoraan Teamsilla: https:\/\/bit.ly\/3JxkdsW OHJELMA 15:00 Webinaarin avaus \/ \u00d6ppning av webbinarietRaija Koivisto, Pohjanmaan yhdistykset ry 15:05: Terveytt\u00e4 edist\u00e4v\u00e4 ruokavalio \/ H\u00e4lsofr\u00e4mjande kostRavitsemusterapeutti \/ N\u00e4ringsterapeut Arja Rantala 15:35 Ajankohtaista [&hellip;]<\/p>\n","protected":false},"author":21,"featured_media":102674,"comment_status":"closed","ping_status":"open","sticky":false,"template":"","format":"standard","meta":{"_et_pb_use_builder":"off","_et_pb_old_content":"","_et_gb_content_width":"","footnotes":""},"categories":[1],"tags":[45,29],"class_list":["post-102520","post","type-post","status-publish","format-standard","has-post-thumbnail","hentry","category-ajankohtaista","tag-terveys","tag-yhdistykset"],"_links":{"self":[{"href":"https:\/\/www.pohy.fi\/sv\/wp-json\/wp\/v2\/posts\/102520","targetHints":{"allow":["GET"]}}],"collection":[{"href":"https:\/\/www.pohy.fi\/sv\/wp-json\/wp\/v2\/posts"}],"about":[{"href":"https:\/\/www.pohy.fi\/sv\/wp-json\/wp\/v2\/types\/post"}],"author":[{"embeddable":true,"href":"https:\/\/www.pohy.fi\/sv\/wp-json\/wp\/v2\/users\/21"}],"replies":[{"embeddable":true,"href":"https:\/\/www.pohy.fi\/sv\/wp-json\/wp\/v2\/comments?post=102520"}],"version-history":[{"count":3,"href":"https:\/\/www.pohy.fi\/sv\/wp-json\/wp\/v2\/posts\/102520\/revisions"}],"predecessor-version":[{"id":102523,"href":"https:\/\/www.pohy.fi\/sv\/wp-json\/wp\/v2\/posts\/102520\/revisions\/102523"}],"wp:featuredmedia":[{"embeddable":true,"href":"https:\/\/www.pohy.fi\/sv\/wp-json\/wp\/v2\/media\/102674"}],"wp:attachment":[{"href":"https:\/\/www.pohy.fi\/sv\/wp-json\/wp\/v2\/media?parent=102520"}],"wp:term":[{"taxonomy":"category","embeddable":true,"href":"https:\/\/www.pohy.fi\/sv\/wp-json\/wp\/v2\/categories?post=102520"},{"taxonomy":"post_tag","embeddable":true,"href":"https:\/\/www.pohy.fi\/sv\/wp-json\/wp\/v2\/tags?post=102520"}],"curies":[{"name":"wp","href":"https:\/\/api.w.org\/{rel}","templated":true}]}}