{"id":102047,"date":"2023-03-21T12:15:51","date_gmt":"2023-03-21T10:15:51","guid":{"rendered":"https:\/\/www.pohy.fi\/?p=102047"},"modified":"2023-03-22T09:23:17","modified_gmt":"2023-03-22T07:23:17","slug":"uusi-video-pohjalaismaakuntien-jarjestojen-eduskuntavaalipaneeli-16-3-2023","status":"publish","type":"post","link":"https:\/\/www.pohy.fi\/sv\/uusi-video-pohjalaismaakuntien-jarjestojen-eduskuntavaalipaneeli-16-3-2023\/","title":{"rendered":"Uusi video &#8211; Pohjalaismaakuntien j\u00e4rjest\u00f6jen eduskuntavaalipaneeli 16.3.2023"},"content":{"rendered":"\n\n[et_pb_section fb_built=&#8221;1&#8243; theme_builder_area=&#8221;post_content&#8221; _builder_version=&#8221;4.20.2&#8243; _module_preset=&#8221;default&#8221;][et_pb_row _builder_version=&#8221;4.20.2&#8243; _module_preset=&#8221;default&#8221; theme_builder_area=&#8221;post_content&#8221;][et_pb_column _builder_version=&#8221;4.20.2&#8243; _module_preset=&#8221;default&#8221; type=&#8221;4_4&#8243; theme_builder_area=&#8221;post_content&#8221;][et_pb_video src=&#8221;https:\/\/www.youtube.com\/watch?v=DPrdQQRacBk&#8221; _builder_version=&#8221;4.20.2&#8243; _module_preset=&#8221;default&#8221; theme_builder_area=&#8221;post_content&#8221; hover_enabled=&#8221;0&#8243; sticky_enabled=&#8221;0&#8243;][\/et_pb_video][\/et_pb_column][\/et_pb_row][et_pb_row _builder_version=&#8221;4.20.2&#8243; _module_preset=&#8221;default&#8221; theme_builder_area=&#8221;post_content&#8221;][et_pb_column _builder_version=&#8221;4.20.2&#8243; _module_preset=&#8221;default&#8221; type=&#8221;4_4&#8243; theme_builder_area=&#8221;post_content&#8221;][et_pb_text _builder_version=&#8221;4.20.2&#8243; _module_preset=&#8221;default&#8221; theme_builder_area=&#8221;post_content&#8221; hover_enabled=&#8221;0&#8243; sticky_enabled=&#8221;0&#8243;]<p><span>Pohjalaismaakuntien j\u00e4rjest\u00f6t j\u00e4rjestiv\u00e4t eduskuntavaalipaneelin 16.3.2023. Mukaan osallistuivat yhdeks\u00e4n puolueen edustajat. Annetaan eduskuntavaaleissa yhdess\u00e4 j\u00e4rjest\u00f6jen \u00e4\u00e4ni! Tallenne on jaossa 2 viikkoa.<\/span><\/p>[\/et_pb_text][\/et_pb_column][\/et_pb_row][\/et_pb_section]\n\n","protected":false},"excerpt":{"rendered":"<p>Pohjalaismaakuntien j\u00e4rjest\u00f6t j\u00e4rjestiv\u00e4t eduskuntavaalipaneelin 16.3.2023. Mukaan osallistuivat yhdeks\u00e4n puolueen edustajat. Annetaan eduskuntavaaleissa yhdess\u00e4 j\u00e4rjest\u00f6jen \u00e4\u00e4ni!<\/p>","protected":false},"author":12,"featured_media":0,"comment_status":"closed","ping_status":"open","sticky":false,"template":"","format":"standard","meta":{"_et_pb_use_builder":"on","_et_pb_old_content":"","_et_gb_content_width":"","footnotes":""},"categories":[14,1],"tags":[24,23,29],"class_list":["post-102047","post","type-post","status-publish","format-standard","hentry","category-ajankohtaiset-uutiset","category-ajankohtaista","tag-paneeli","tag-vaalit","tag-yhdistykset"],"_links":{"self":[{"href":"https:\/\/www.pohy.fi\/sv\/wp-json\/wp\/v2\/posts\/102047","targetHints":{"allow":["GET"]}}],"collection":[{"href":"https:\/\/www.pohy.fi\/sv\/wp-json\/wp\/v2\/posts"}],"about":[{"href":"https:\/\/www.pohy.fi\/sv\/wp-json\/wp\/v2\/types\/post"}],"author":[{"embeddable":true,"href":"https:\/\/www.pohy.fi\/sv\/wp-json\/wp\/v2\/users\/12"}],"replies":[{"embeddable":true,"href":"https:\/\/www.pohy.fi\/sv\/wp-json\/wp\/v2\/comments?post=102047"}],"version-history":[{"count":5,"href":"https:\/\/www.pohy.fi\/sv\/wp-json\/wp\/v2\/posts\/102047\/revisions"}],"predecessor-version":[{"id":102064,"href":"https:\/\/www.pohy.fi\/sv\/wp-json\/wp\/v2\/posts\/102047\/revisions\/102064"}],"wp:attachment":[{"href":"https:\/\/www.pohy.fi\/sv\/wp-json\/wp\/v2\/media?parent=102047"}],"wp:term":[{"taxonomy":"category","embeddable":true,"href":"https:\/\/www.pohy.fi\/sv\/wp-json\/wp\/v2\/categories?post=102047"},{"taxonomy":"post_tag","embeddable":true,"href":"https:\/\/www.pohy.fi\/sv\/wp-json\/wp\/v2\/tags?post=102047"}],"curies":[{"name":"wp","href":"https:\/\/api.w.org\/{rel}","templated":true}]}}