{"id":101825,"date":"2023-02-21T22:44:40","date_gmt":"2023-02-21T20:44:40","guid":{"rendered":"https:\/\/www.pohy.fi\/?p=101825"},"modified":"2023-02-21T23:00:59","modified_gmt":"2023-02-21T21:00:59","slug":"pohjalaismaakuntien-jarjestojen-eduskuntavaalipaneeli-16-3-2023","status":"publish","type":"post","link":"https:\/\/www.pohy.fi\/sv\/pohjalaismaakuntien-jarjestojen-eduskuntavaalipaneeli-16-3-2023\/","title":{"rendered":"Pohjalaismaakuntien j\u00e4rjest\u00f6jen eduskuntavaalipaneeli 16.3.2023"},"content":{"rendered":"<p>Tule mukaan vaikuttamaan! Huhtikuussa 2.4.2023 j\u00e4rjestet\u00e4\u00e4n eduskuntavaalit. Kolmen pohjalaismaakunnan j\u00e4rjest\u00f6t j\u00e4rjest\u00e4v\u00e4t torstaina 16.3.2023 klo 18-20 Teams-alustalla yhteisen eduskuntavaalipaneelin. Paneeli j\u00e4rjestet\u00e4\u00e4n kaksikielisen\u00e4.<\/p>\n\n\n\n<p>Kom med och delta! Riksdagsvalet h\u00e5lls den 2 april 2023. Organisationer i de tre \u00f6sterbottniska landskapen ordnar en gemensam riksdagsvalpanel torsdagen den 16 mars 2023 kl. 18-20 p\u00e5 Teams. Valpanelen ordnas tv\u00e5spr\u00e5kigt.<\/p>\n\n\n\n<p>Teams-linkki | Teams-l\u00e4nken:&nbsp;<a href=\"https:\/\/bit.ly\/3XPA0Z5?fbclid=IwAR1v8itQGKcvJqRdZ0TBsjvD9rmtOPhyI-nkFUIwHJPlxdBz2olqTrWNots\" rel=\"noreferrer noopener\" target=\"_blank\">https:\/\/bit.ly\/3XPA0Z5<\/a>&nbsp;<\/p>","protected":false},"excerpt":{"rendered":"<p>Tule mukaan vaikuttamaan! Huhtikuussa 2.4.2023 j\u00e4rjestet\u00e4\u00e4n eduskuntavaalit. Kolmen pohjalaismaakunnan j\u00e4rjest\u00f6t j\u00e4rjest\u00e4v\u00e4t torstaina 16.3.2023 klo 18-20 Teams-alustalla yhteisen eduskuntavaalipaneelin. Paneeli j\u00e4rjestet\u00e4\u00e4n kaksikielisen\u00e4. Kom med och delta! Riksdagsvalet h\u00e5lls den 2 april [&hellip;]<\/p>\n","protected":false},"author":21,"featured_media":15,"comment_status":"closed","ping_status":"open","sticky":false,"template":"","format":"standard","meta":{"_et_pb_use_builder":"off","_et_pb_old_content":"","_et_gb_content_width":"","footnotes":""},"categories":[1],"tags":[24,23],"class_list":["post-101825","post","type-post","status-publish","format-standard","has-post-thumbnail","hentry","category-ajankohtaista","tag-paneeli","tag-vaalit"],"_links":{"self":[{"href":"https:\/\/www.pohy.fi\/sv\/wp-json\/wp\/v2\/posts\/101825","targetHints":{"allow":["GET"]}}],"collection":[{"href":"https:\/\/www.pohy.fi\/sv\/wp-json\/wp\/v2\/posts"}],"about":[{"href":"https:\/\/www.pohy.fi\/sv\/wp-json\/wp\/v2\/types\/post"}],"author":[{"embeddable":true,"href":"https:\/\/www.pohy.fi\/sv\/wp-json\/wp\/v2\/users\/21"}],"replies":[{"embeddable":true,"href":"https:\/\/www.pohy.fi\/sv\/wp-json\/wp\/v2\/comments?post=101825"}],"version-history":[{"count":1,"href":"https:\/\/www.pohy.fi\/sv\/wp-json\/wp\/v2\/posts\/101825\/revisions"}],"predecessor-version":[{"id":101826,"href":"https:\/\/www.pohy.fi\/sv\/wp-json\/wp\/v2\/posts\/101825\/revisions\/101826"}],"wp:featuredmedia":[{"embeddable":true,"href":"https:\/\/www.pohy.fi\/sv\/wp-json\/wp\/v2\/media\/15"}],"wp:attachment":[{"href":"https:\/\/www.pohy.fi\/sv\/wp-json\/wp\/v2\/media?parent=101825"}],"wp:term":[{"taxonomy":"category","embeddable":true,"href":"https:\/\/www.pohy.fi\/sv\/wp-json\/wp\/v2\/categories?post=101825"},{"taxonomy":"post_tag","embeddable":true,"href":"https:\/\/www.pohy.fi\/sv\/wp-json\/wp\/v2\/tags?post=101825"}],"curies":[{"name":"wp","href":"https:\/\/api.w.org\/{rel}","templated":true}]}}